{"id":482,"date":"2023-12-29T17:34:00","date_gmt":"2023-12-29T16:34:00","guid":{"rendered":"https:\/\/airlife-asso.org\/?p=482"},"modified":"2024-02-25T08:13:12","modified_gmt":"2024-02-25T07:13:12","slug":"une-grande-fete-au-village-dagotove-pour-linauguration-des-latrines","status":"publish","type":"post","link":"https:\/\/airlife-asso.org\/en\/une-grande-fete-au-village-dagotove-pour-linauguration-des-latrines","title":{"rendered":"A big party in the village of Agotov\u00e9 for the inauguration of the latrines"},"content":{"rendered":"<p class=\"has-black-color has-text-color\"><strong>In the village of Agotov\u00e9, pride and joy were palpable at the inauguration of the latrines. The villagers had gathered in large numbers in the central square, their seriousness testifying to the anticipation they felt. It was a special day, the long-awaited inauguration of the brand-new latrines, the fruit of a community project orchestrated thanks to our partner OPED Togo and our financial partners: the Bouches du Rh\u00f4ne department, the Aix-Marseille Provence metropolis and the Agence de l'eau Rh\u00f4ne M\u00e9diterran\u00e9e Corse.<\/strong><\/p>\n\n\n\n<figure class=\"wp-block-gallery has-nested-images columns-default is-cropped wp-block-gallery-2 is-layout-flex wp-block-gallery-is-layout-flex\">\n<figure class=\"wp-block-image size-large\"><img decoding=\"async\" width=\"1016\" height=\"762\" data-id=\"484\" src=\"https:\/\/airlife-asso.org\/wp-content\/uploads\/2024\/02\/WhatsApp-Image-2024-02-08-at-14.35.15.jpeg\" alt=\"\" class=\"wp-image-484\"\/><\/figure>\n\n\n\n<figure class=\"wp-block-image size-full\"><img decoding=\"async\" width=\"1016\" height=\"762\" data-id=\"492\" src=\"https:\/\/airlife-asso.org\/wp-content\/uploads\/2024\/02\/WhatsApp-Image-2024-02-08-at-14.35.30.jpeg\" alt=\"\" class=\"wp-image-492\"\/><\/figure>\n\n\n\n<figure class=\"wp-block-image size-large\"><img decoding=\"async\" width=\"1024\" height=\"768\" data-id=\"487\" src=\"https:\/\/airlife-asso.org\/wp-content\/uploads\/2024\/02\/WhatsApp-Image-2024-02-08-at-14.35.29-1024x768.jpeg\" alt=\"\" class=\"wp-image-487\"\/><\/figure>\n<\/figure>\n\n\n\n<p><\/p>\n\n\n\n<figure class=\"wp-block-image size-large\"><img decoding=\"async\" width=\"1024\" height=\"768\" src=\"https:\/\/airlife-asso.org\/wp-content\/uploads\/2024\/02\/WhatsApp-Image-2024-02-08-at-14.35.33-2-1-1024x768.jpeg\" alt=\"\" class=\"wp-image-486\"\/><\/figure>\n\n\n\n<p><\/p>\n\n\n\n<p class=\"has-black-color has-text-color\">At the heart of the ceremony, the village chief stood proudly in front of the villagers raising awareness of the latrines, a tangible symbol of progress and improved living conditions in the community. The villagers expressed contagious joy, mingled with deep gratitude.<\/p>\n\n\n\n<p class=\"has-black-color has-text-color\">The newly inaugurated latrines symbolized much more than a simple sanitary facility. They represented the triumph of mutual aid, the realization of a crucial shared project aimed at improving everyone's quality of life. On this memorable day, joy reigned supreme in Agotov\u00e9, marking the beginning of a new era in which community well-being is paramount.<\/p>\n\n\n\n<p><\/p>\n\n\n\n<p><\/p>\n\n\n\n<figure class=\"wp-block-gallery has-nested-images columns-default is-cropped wp-block-gallery-3 is-layout-flex wp-block-gallery-is-layout-flex\">\n<figure class=\"wp-block-image size-large\"><img decoding=\"async\" width=\"1024\" height=\"768\" data-id=\"491\" src=\"https:\/\/airlife-asso.org\/wp-content\/uploads\/2024\/02\/WhatsApp-Image-2024-02-08-at-14.35.31-1024x768.jpeg\" alt=\"\" class=\"wp-image-491\"\/><\/figure>\n\n\n\n<figure class=\"wp-block-image size-large\"><img decoding=\"async\" width=\"1024\" height=\"768\" data-id=\"488\" src=\"https:\/\/airlife-asso.org\/wp-content\/uploads\/2024\/02\/WhatsApp-Image-2024-02-08-at-14.35.24-1024x768.jpeg\" alt=\"\" class=\"wp-image-488\"\/><\/figure>\n\n\n\n<figure class=\"wp-block-image size-large\"><img decoding=\"async\" width=\"1024\" height=\"768\" data-id=\"489\" src=\"https:\/\/airlife-asso.org\/wp-content\/uploads\/2024\/02\/WhatsApp-Image-2024-02-08-at-14.35.34-1024x768.jpeg\" alt=\"\" class=\"wp-image-489\"\/><\/figure>\n<\/figure>","protected":false},"excerpt":{"rendered":"<p>Dans le village d\u2019Agotov\u00e9, la fiert\u00e9 et la joie \u00e9taient palpables lors de l\u2019inauguration des latrines. Les villageois s&rsquo;\u00e9taient r\u00e9unis en nombre sur la place centrale, leurs s\u00e9rieux t\u00e9moignant de l&rsquo;attente qui les habitait. C\u2019\u00e9tait un jour sp\u00e9cial, celui de l&rsquo;inauguration tant attendue des toutes nouvelles latrines, fruit d&rsquo;un projet communautaire orchestr\u00e9 gr\u00e2ce \u00e0 notre [&hellip;]<\/p>\n","protected":false},"author":1,"featured_media":485,"comment_status":"closed","ping_status":"closed","sticky":false,"template":"","format":"standard","meta":{"ngg_post_thumbnail":0,"footnotes":""},"categories":[1],"tags":[],"class_list":["post-482","post","type-post","status-publish","format-standard","has-post-thumbnail","hentry","category-actualite-airdrink"],"_links":{"self":[{"href":"https:\/\/airlife-asso.org\/en\/wp-json\/wp\/v2\/posts\/482","targetHints":{"allow":["GET"]}}],"collection":[{"href":"https:\/\/airlife-asso.org\/en\/wp-json\/wp\/v2\/posts"}],"about":[{"href":"https:\/\/airlife-asso.org\/en\/wp-json\/wp\/v2\/types\/post"}],"author":[{"embeddable":true,"href":"https:\/\/airlife-asso.org\/en\/wp-json\/wp\/v2\/users\/1"}],"replies":[{"embeddable":true,"href":"https:\/\/airlife-asso.org\/en\/wp-json\/wp\/v2\/comments?post=482"}],"version-history":[{"count":8,"href":"https:\/\/airlife-asso.org\/en\/wp-json\/wp\/v2\/posts\/482\/revisions"}],"predecessor-version":[{"id":522,"href":"https:\/\/airlife-asso.org\/en\/wp-json\/wp\/v2\/posts\/482\/revisions\/522"}],"wp:featuredmedia":[{"embeddable":true,"href":"https:\/\/airlife-asso.org\/en\/wp-json\/wp\/v2\/media\/485"}],"wp:attachment":[{"href":"https:\/\/airlife-asso.org\/en\/wp-json\/wp\/v2\/media?parent=482"}],"wp:term":[{"taxonomy":"category","embeddable":true,"href":"https:\/\/airlife-asso.org\/en\/wp-json\/wp\/v2\/categories?post=482"},{"taxonomy":"post_tag","embeddable":true,"href":"https:\/\/airlife-asso.org\/en\/wp-json\/wp\/v2\/tags?post=482"}],"curies":[{"name":"wp","href":"https:\/\/api.w.org\/{rel}","templated":true}]}}